{"id":38,"date":"2025-01-03T14:07:55","date_gmt":"2025-01-03T14:07:55","guid":{"rendered":"https:\/\/atletasdageral.com.br\/?p=38"},"modified":"2025-01-03T14:08:19","modified_gmt":"2025-01-03T14:08:19","slug":"rp-5km-tentativa-sub-18","status":"publish","type":"post","link":"https:\/\/atletasdageral.com.br\/index.php\/2025\/01\/03\/rp-5km-tentativa-sub-18\/","title":{"rendered":"RP 5KM &#8211; TENTATIVA SUB 18&#8242;"},"content":{"rendered":"\n<figure class=\"wp-block-embed is-type-video is-provider-youtube wp-block-embed-youtube wp-embed-aspect-16-9 wp-has-aspect-ratio\"><div class=\"wp-block-embed__wrapper\">\n<iframe loading=\"lazy\" title=\"RP 5KM - TENTATIVA SUB 18&#039;\" width=\"500\" height=\"281\" src=\"https:\/\/www.youtube.com\/embed\/ScgodL8WIac?feature=oembed\" frameborder=\"0\" allow=\"accelerometer; autoplay; clipboard-write; encrypted-media; gyroscope; picture-in-picture; web-share\" referrerpolicy=\"strict-origin-when-cross-origin\" allowfullscreen><\/iframe>\n<\/div><\/figure>\n\n\n\n<p>Fala, Atletas da Geral! J\u00e1 treinou hj? Convido voc\u00ea a acompanhar a tentativa do V\u00edtor de correr 5km abaixo de 18 minutos. Bora para o v\u00eddeo, mas antes, j\u00e1 pe\u00e7o a sua inscri\u00e7\u00e3o no canal, deixe o seu like e coment\u00e1rio. Bons treinos e at\u00e9 breve!<\/p>\n","protected":false},"excerpt":{"rendered":"<p>Fala, Atletas da Geral! J\u00e1 treinou hj? Convido voc\u00ea a acompanhar a tentativa do V\u00edtor de correr 5km abaixo de 18 minutos. Bora para o v\u00eddeo, mas antes, j\u00e1 pe\u00e7o a sua inscri\u00e7\u00e3o no canal, deixe o seu like e coment\u00e1rio. Bons treinos e at\u00e9 breve!<\/p>\n","protected":false},"author":1,"featured_media":0,"comment_status":"open","ping_status":"open","sticky":false,"template":"","format":"standard","meta":{"footnotes":""},"categories":[6],"tags":[],"class_list":["post-38","post","type-post","status-publish","format-standard","hentry","category-corra-melhor"],"_links":{"self":[{"href":"https:\/\/atletasdageral.com.br\/index.php\/wp-json\/wp\/v2\/posts\/38","targetHints":{"allow":["GET"]}}],"collection":[{"href":"https:\/\/atletasdageral.com.br\/index.php\/wp-json\/wp\/v2\/posts"}],"about":[{"href":"https:\/\/atletasdageral.com.br\/index.php\/wp-json\/wp\/v2\/types\/post"}],"author":[{"embeddable":true,"href":"https:\/\/atletasdageral.com.br\/index.php\/wp-json\/wp\/v2\/users\/1"}],"replies":[{"embeddable":true,"href":"https:\/\/atletasdageral.com.br\/index.php\/wp-json\/wp\/v2\/comments?post=38"}],"version-history":[{"count":1,"href":"https:\/\/atletasdageral.com.br\/index.php\/wp-json\/wp\/v2\/posts\/38\/revisions"}],"predecessor-version":[{"id":39,"href":"https:\/\/atletasdageral.com.br\/index.php\/wp-json\/wp\/v2\/posts\/38\/revisions\/39"}],"wp:attachment":[{"href":"https:\/\/atletasdageral.com.br\/index.php\/wp-json\/wp\/v2\/media?parent=38"}],"wp:term":[{"taxonomy":"category","embeddable":true,"href":"https:\/\/atletasdageral.com.br\/index.php\/wp-json\/wp\/v2\/categories?post=38"},{"taxonomy":"post_tag","embeddable":true,"href":"https:\/\/atletasdageral.com.br\/index.php\/wp-json\/wp\/v2\/tags?post=38"}],"curies":[{"name":"wp","href":"https:\/\/api.w.org\/{rel}","templated":true}]}}