{"id":191,"date":"2025-05-22T15:39:20","date_gmt":"2025-05-22T15:39:20","guid":{"rendered":"https:\/\/atletasdageral.com.br\/?p=191"},"modified":"2025-05-22T15:39:20","modified_gmt":"2025-05-22T15:39:20","slug":"nilson-lima-conquista-400-maratonas-a-incrivel-edicao-dessa-prova-em-uberlandia-que-teve-desafio","status":"publish","type":"post","link":"https:\/\/atletasdageral.com.br\/index.php\/2025\/05\/22\/nilson-lima-conquista-400-maratonas-a-incrivel-edicao-dessa-prova-em-uberlandia-que-teve-desafio\/","title":{"rendered":"Nilson Lima conquista 400 maratonas! A incr\u00edvel edi\u00e7\u00e3o dessa prova em Uberl\u00e2ndia que teve DESAFIO!"},"content":{"rendered":"\n<p>Convido voc\u00ea a acompanhar como foi a participa\u00e7\u00e3o do Eug\u00eanio Fonseca na 8\u00aa edi\u00e7\u00e3o da Maratona Nilson Lima, em Uberl\u00e2ndia\/MG nos dia 17 e 18 de maio. Bora para o v\u00eddeo, mas antes, j\u00e1 pe\u00e7o a sua inscri\u00e7\u00e3o no canal, deixe o seu like e coment\u00e1rio.<\/p>\n\n\n\n<figure class=\"wp-block-embed is-type-video is-provider-youtube wp-block-embed-youtube wp-embed-aspect-16-9 wp-has-aspect-ratio\"><div class=\"wp-block-embed__wrapper\">\n<iframe loading=\"lazy\" title=\"Nilson Lima conquista 400 maratonas! A incr\u00edvel edi\u00e7\u00e3o dessa prova em Uberl\u00e2ndia que teve DESAFIO!\" width=\"500\" height=\"281\" src=\"https:\/\/www.youtube.com\/embed\/nff0aNjs-1E?feature=oembed\" frameborder=\"0\" allow=\"accelerometer; autoplay; clipboard-write; encrypted-media; gyroscope; picture-in-picture; web-share\" referrerpolicy=\"strict-origin-when-cross-origin\" allowfullscreen><\/iframe>\n<\/div><\/figure>\n\n\n\n<p>Resumo do v\u00eddeo: No v\u00eddeo, \u00e9 destacado o feito de Nilson Lima ao conquistar a marca de 400 maratonas, celebrando sua dedica\u00e7\u00e3o e resist\u00eancia. A prova realizada em Uberl\u00e2ndia foi especialmente marcante, contando com uma edi\u00e7\u00e3o inovadora que incluiu o Desafio, uma competi\u00e7\u00e3o que testou a resist\u00eancia dos participantes. Entre os atletas, Eug\u00eanio Fonseca se destacou ao participar de uma simula\u00e7\u00e3o de sua prova-alvo, completando dois trechos de 21 km nos dias 17 e 18 de maio, demonstrando sua prepara\u00e7\u00e3o e perseveran\u00e7a para alcan\u00e7ar seus objetivos na maratona.<\/p>\n","protected":false},"excerpt":{"rendered":"<p>Convido voc\u00ea a acompanhar como foi a participa\u00e7\u00e3o do Eug\u00eanio Fonseca na 8\u00aa edi\u00e7\u00e3o da Maratona Nilson Lima, em Uberl\u00e2ndia\/MG nos dia 17 e 18 de maio. Bora para o v\u00eddeo, mas antes, j\u00e1 pe\u00e7o a sua inscri\u00e7\u00e3o no canal, deixe o seu like e coment\u00e1rio. Resumo do v\u00eddeo: No v\u00eddeo, \u00e9 destacado o feito [&hellip;]<\/p>\n","protected":false},"author":1,"featured_media":0,"comment_status":"open","ping_status":"open","sticky":false,"template":"","format":"standard","meta":{"footnotes":""},"categories":[12],"tags":[],"class_list":["post-191","post","type-post","status-publish","format-standard","hentry","category-desafio-21k-42k-rio-e-maratona-nilson-lima"],"_links":{"self":[{"href":"https:\/\/atletasdageral.com.br\/index.php\/wp-json\/wp\/v2\/posts\/191","targetHints":{"allow":["GET"]}}],"collection":[{"href":"https:\/\/atletasdageral.com.br\/index.php\/wp-json\/wp\/v2\/posts"}],"about":[{"href":"https:\/\/atletasdageral.com.br\/index.php\/wp-json\/wp\/v2\/types\/post"}],"author":[{"embeddable":true,"href":"https:\/\/atletasdageral.com.br\/index.php\/wp-json\/wp\/v2\/users\/1"}],"replies":[{"embeddable":true,"href":"https:\/\/atletasdageral.com.br\/index.php\/wp-json\/wp\/v2\/comments?post=191"}],"version-history":[{"count":1,"href":"https:\/\/atletasdageral.com.br\/index.php\/wp-json\/wp\/v2\/posts\/191\/revisions"}],"predecessor-version":[{"id":192,"href":"https:\/\/atletasdageral.com.br\/index.php\/wp-json\/wp\/v2\/posts\/191\/revisions\/192"}],"wp:attachment":[{"href":"https:\/\/atletasdageral.com.br\/index.php\/wp-json\/wp\/v2\/media?parent=191"}],"wp:term":[{"taxonomy":"category","embeddable":true,"href":"https:\/\/atletasdageral.com.br\/index.php\/wp-json\/wp\/v2\/categories?post=191"},{"taxonomy":"post_tag","embeddable":true,"href":"https:\/\/atletasdageral.com.br\/index.php\/wp-json\/wp\/v2\/tags?post=191"}],"curies":[{"name":"wp","href":"https:\/\/api.w.org\/{rel}","templated":true}]}}