{"id":189,"date":"2025-05-22T15:38:16","date_gmt":"2025-05-22T15:38:16","guid":{"rendered":"https:\/\/atletasdageral.com.br\/?p=189"},"modified":"2025-05-22T15:38:16","modified_gmt":"2025-05-22T15:38:16","slug":"desvendando-a-jornada-perguntas-ao-casal-em-comemoracao-ao-feito-incrivel-do-nilson-lima","status":"publish","type":"post","link":"https:\/\/atletasdageral.com.br\/index.php\/2025\/05\/22\/desvendando-a-jornada-perguntas-ao-casal-em-comemoracao-ao-feito-incrivel-do-nilson-lima\/","title":{"rendered":"Desvendando a Jornada: Perguntas ao casal em Comemora\u00e7\u00e3o ao feito incr\u00edvel do Nilson Lima!"},"content":{"rendered":"\n<p>Convido voc\u00ea a acompanhar esse v\u00eddeo com a participa\u00e7\u00e3o especial do casal Nilson Lima e Silvana Vieira em comemora\u00e7\u00e3o \u00e0s 400 maratonas. Bora para o v\u00eddeo, mas antes, j\u00e1 pe\u00e7o a sua inscri\u00e7\u00e3o no canal, deixe o seu like e coment\u00e1rio. Bons treinos e at\u00e9 breve!<\/p>\n\n\n\n<figure class=\"wp-block-embed is-type-video is-provider-youtube wp-block-embed-youtube wp-embed-aspect-16-9 wp-has-aspect-ratio\"><div class=\"wp-block-embed__wrapper\">\n<iframe loading=\"lazy\" title=\"Desvendando a Jornada: Perguntas ao casal em Comemora\u00e7\u00e3o ao feito incr\u00edvel do Nilson Lima!\" width=\"500\" height=\"281\" src=\"https:\/\/www.youtube.com\/embed\/BKGyoCbljxI?feature=oembed\" frameborder=\"0\" allow=\"accelerometer; autoplay; clipboard-write; encrypted-media; gyroscope; picture-in-picture; web-share\" referrerpolicy=\"strict-origin-when-cross-origin\" allowfullscreen><\/iframe>\n<\/div><\/figure>\n\n\n\n<p>Resumo do v\u00eddeo: Neste v\u00eddeo, voc\u00ea \u00e9 convidado a acompanhar a participa\u00e7\u00e3o do casal Nilson Lima e Silvana Vieira em uma comemora\u00e7\u00e3o muito especial: suas 400 maratonas. Durante a retirada de kits em Uberl\u00e2ndia\/MG, eles participaram de um momento descontra\u00eddo, respondendo a perguntas de forma leve e divertida. Uma celebra\u00e7\u00e3o marcada pelo entusiasmo e pelo amor \u00e0s corridas, compartilhada de maneira espont\u00e2nea e alegre.<\/p>\n","protected":false},"excerpt":{"rendered":"<p>Convido voc\u00ea a acompanhar esse v\u00eddeo com a participa\u00e7\u00e3o especial do casal Nilson Lima e Silvana Vieira em comemora\u00e7\u00e3o \u00e0s 400 maratonas. Bora para o v\u00eddeo, mas antes, j\u00e1 pe\u00e7o a sua inscri\u00e7\u00e3o no canal, deixe o seu like e coment\u00e1rio. Bons treinos e at\u00e9 breve! Resumo do v\u00eddeo: Neste v\u00eddeo, voc\u00ea \u00e9 convidado a [&hellip;]<\/p>\n","protected":false},"author":1,"featured_media":0,"comment_status":"open","ping_status":"open","sticky":false,"template":"","format":"standard","meta":{"footnotes":""},"categories":[12],"tags":[],"class_list":["post-189","post","type-post","status-publish","format-standard","hentry","category-desafio-21k-42k-rio-e-maratona-nilson-lima"],"_links":{"self":[{"href":"https:\/\/atletasdageral.com.br\/index.php\/wp-json\/wp\/v2\/posts\/189","targetHints":{"allow":["GET"]}}],"collection":[{"href":"https:\/\/atletasdageral.com.br\/index.php\/wp-json\/wp\/v2\/posts"}],"about":[{"href":"https:\/\/atletasdageral.com.br\/index.php\/wp-json\/wp\/v2\/types\/post"}],"author":[{"embeddable":true,"href":"https:\/\/atletasdageral.com.br\/index.php\/wp-json\/wp\/v2\/users\/1"}],"replies":[{"embeddable":true,"href":"https:\/\/atletasdageral.com.br\/index.php\/wp-json\/wp\/v2\/comments?post=189"}],"version-history":[{"count":1,"href":"https:\/\/atletasdageral.com.br\/index.php\/wp-json\/wp\/v2\/posts\/189\/revisions"}],"predecessor-version":[{"id":190,"href":"https:\/\/atletasdageral.com.br\/index.php\/wp-json\/wp\/v2\/posts\/189\/revisions\/190"}],"wp:attachment":[{"href":"https:\/\/atletasdageral.com.br\/index.php\/wp-json\/wp\/v2\/media?parent=189"}],"wp:term":[{"taxonomy":"category","embeddable":true,"href":"https:\/\/atletasdageral.com.br\/index.php\/wp-json\/wp\/v2\/categories?post=189"},{"taxonomy":"post_tag","embeddable":true,"href":"https:\/\/atletasdageral.com.br\/index.php\/wp-json\/wp\/v2\/tags?post=189"}],"curies":[{"name":"wp","href":"https:\/\/api.w.org\/{rel}","templated":true}]}}