{"id":185,"date":"2025-05-22T15:36:27","date_gmt":"2025-05-22T15:36:27","guid":{"rendered":"https:\/\/atletasdageral.com.br\/?p=185"},"modified":"2025-05-22T15:36:27","modified_gmt":"2025-05-22T15:36:27","slug":"corrida-do-america-2025-o-dia-que-nao-subi-ao-podio-e-o-que-aprendi-com-isso","status":"publish","type":"post","link":"https:\/\/atletasdageral.com.br\/index.php\/2025\/05\/22\/corrida-do-america-2025-o-dia-que-nao-subi-ao-podio-e-o-que-aprendi-com-isso\/","title":{"rendered":"Corrida do Am\u00e9rica 2025 &#8211; O Dia Que N\u00e3o Subi ao P\u00f3dio e o Que Aprendi Com Isso!"},"content":{"rendered":"\n<figure class=\"wp-block-embed is-type-video is-provider-youtube wp-block-embed-youtube wp-embed-aspect-16-9 wp-has-aspect-ratio\"><div class=\"wp-block-embed__wrapper\">\n<iframe loading=\"lazy\" title=\"Corrida do Am\u00e9rica 2025 - O Dia Que N\u00e3o Subi ao P\u00f3dio e o Que Aprendi Com Isso!\" width=\"500\" height=\"281\" src=\"https:\/\/www.youtube.com\/embed\/WP6u66J0rL0?feature=oembed\" frameborder=\"0\" allow=\"accelerometer; autoplay; clipboard-write; encrypted-media; gyroscope; picture-in-picture; web-share\" referrerpolicy=\"strict-origin-when-cross-origin\" allowfullscreen><\/iframe>\n<\/div><\/figure>\n\n\n\n<p>Convido voc\u00ea a acompanhar como foi a &#8220;Corrida do Am\u00e9rica 2025 &#8211; O Dia Que N\u00e3o Subi ao P\u00f3dio e o Que Aprendi Com Isso!&#8221; A prova aconteceu no dia 11 de maio (Dia das M\u00e3es), em um percurso de 15km. Bora para o v\u00eddeo, mas antes, j\u00e1 pe\u00e7o a sua inscri\u00e7\u00e3o no canal, deixe o seu like e coment\u00e1rio. Bons treinos e at\u00e9 breve!<\/p>\n","protected":false},"excerpt":{"rendered":"<p>Convido voc\u00ea a acompanhar como foi a &#8220;Corrida do Am\u00e9rica 2025 &#8211; O Dia Que N\u00e3o Subi ao P\u00f3dio e o Que Aprendi Com Isso!&#8221; A prova aconteceu no dia 11 de maio (Dia das M\u00e3es), em um percurso de 15km. Bora para o v\u00eddeo, mas antes, j\u00e1 pe\u00e7o a sua inscri\u00e7\u00e3o no canal, deixe [&hellip;]<\/p>\n","protected":false},"author":1,"featured_media":0,"comment_status":"open","ping_status":"open","sticky":false,"template":"","format":"standard","meta":{"footnotes":""},"categories":[13],"tags":[],"class_list":["post-185","post","type-post","status-publish","format-standard","hentry","category-andrea-costa-ultramaratonista"],"_links":{"self":[{"href":"https:\/\/atletasdageral.com.br\/index.php\/wp-json\/wp\/v2\/posts\/185","targetHints":{"allow":["GET"]}}],"collection":[{"href":"https:\/\/atletasdageral.com.br\/index.php\/wp-json\/wp\/v2\/posts"}],"about":[{"href":"https:\/\/atletasdageral.com.br\/index.php\/wp-json\/wp\/v2\/types\/post"}],"author":[{"embeddable":true,"href":"https:\/\/atletasdageral.com.br\/index.php\/wp-json\/wp\/v2\/users\/1"}],"replies":[{"embeddable":true,"href":"https:\/\/atletasdageral.com.br\/index.php\/wp-json\/wp\/v2\/comments?post=185"}],"version-history":[{"count":1,"href":"https:\/\/atletasdageral.com.br\/index.php\/wp-json\/wp\/v2\/posts\/185\/revisions"}],"predecessor-version":[{"id":186,"href":"https:\/\/atletasdageral.com.br\/index.php\/wp-json\/wp\/v2\/posts\/185\/revisions\/186"}],"wp:attachment":[{"href":"https:\/\/atletasdageral.com.br\/index.php\/wp-json\/wp\/v2\/media?parent=185"}],"wp:term":[{"taxonomy":"category","embeddable":true,"href":"https:\/\/atletasdageral.com.br\/index.php\/wp-json\/wp\/v2\/categories?post=185"},{"taxonomy":"post_tag","embeddable":true,"href":"https:\/\/atletasdageral.com.br\/index.php\/wp-json\/wp\/v2\/tags?post=185"}],"curies":[{"name":"wp","href":"https:\/\/api.w.org\/{rel}","templated":true}]}}