{"id":165,"date":"2025-04-22T20:01:32","date_gmt":"2025-04-22T20:01:32","guid":{"rendered":"https:\/\/atletasdageral.com.br\/?p=165"},"modified":"2025-04-22T20:01:32","modified_gmt":"2025-04-22T20:01:32","slug":"quebre-as-barreiras-e-alcance-novos-recordes-na-sua-corrida","status":"publish","type":"post","link":"https:\/\/atletasdageral.com.br\/index.php\/2025\/04\/22\/quebre-as-barreiras-e-alcance-novos-recordes-na-sua-corrida\/","title":{"rendered":"Quebre as Barreiras e Alcance Novos Recordes na Sua Corrida!"},"content":{"rendered":"\n<p>Fala, Atletas da Geral! J\u00e1 treinou hj? Convido voc\u00ea a desafiar os seus limites e ALCAN\u00c7AR NOVOS RECORDES NA SUA CORRIDA! Assista o v\u00eddeo at\u00e9 o final, pois tem v\u00e1rias dicas! A Andr\u00e9a Costa e o Eug\u00eanio Fonseca est\u00e3o treinando para participar do DESAFIO 21KM+42KM.<\/p>\n\n\n\n<p><\/p>\n\n\n\n<figure class=\"wp-block-embed is-type-video is-provider-youtube wp-block-embed-youtube wp-embed-aspect-16-9 wp-has-aspect-ratio\"><div class=\"wp-block-embed__wrapper\">\n<iframe loading=\"lazy\" title=\"Quebre as Barreiras e Alcance Novos Recordes na Sua Corrida!\" width=\"500\" height=\"281\" src=\"https:\/\/www.youtube.com\/embed\/-NGS1n_0mOM?feature=oembed\" frameborder=\"0\" allow=\"accelerometer; autoplay; clipboard-write; encrypted-media; gyroscope; picture-in-picture; web-share\" referrerpolicy=\"strict-origin-when-cross-origin\" allowfullscreen><\/iframe>\n<\/div><\/figure>\n","protected":false},"excerpt":{"rendered":"<p>Fala, Atletas da Geral! J\u00e1 treinou hj? Convido voc\u00ea a desafiar os seus limites e ALCAN\u00c7AR NOVOS RECORDES NA SUA CORRIDA! Assista o v\u00eddeo at\u00e9 o final, pois tem v\u00e1rias dicas! A Andr\u00e9a Costa e o Eug\u00eanio Fonseca est\u00e3o treinando para participar do DESAFIO 21KM+42KM.<\/p>\n","protected":false},"author":1,"featured_media":0,"comment_status":"open","ping_status":"open","sticky":false,"template":"","format":"standard","meta":{"footnotes":""},"categories":[12],"tags":[],"class_list":["post-165","post","type-post","status-publish","format-standard","hentry","category-desafio-21k-42k-rio-e-maratona-nilson-lima"],"_links":{"self":[{"href":"https:\/\/atletasdageral.com.br\/index.php\/wp-json\/wp\/v2\/posts\/165","targetHints":{"allow":["GET"]}}],"collection":[{"href":"https:\/\/atletasdageral.com.br\/index.php\/wp-json\/wp\/v2\/posts"}],"about":[{"href":"https:\/\/atletasdageral.com.br\/index.php\/wp-json\/wp\/v2\/types\/post"}],"author":[{"embeddable":true,"href":"https:\/\/atletasdageral.com.br\/index.php\/wp-json\/wp\/v2\/users\/1"}],"replies":[{"embeddable":true,"href":"https:\/\/atletasdageral.com.br\/index.php\/wp-json\/wp\/v2\/comments?post=165"}],"version-history":[{"count":1,"href":"https:\/\/atletasdageral.com.br\/index.php\/wp-json\/wp\/v2\/posts\/165\/revisions"}],"predecessor-version":[{"id":166,"href":"https:\/\/atletasdageral.com.br\/index.php\/wp-json\/wp\/v2\/posts\/165\/revisions\/166"}],"wp:attachment":[{"href":"https:\/\/atletasdageral.com.br\/index.php\/wp-json\/wp\/v2\/media?parent=165"}],"wp:term":[{"taxonomy":"category","embeddable":true,"href":"https:\/\/atletasdageral.com.br\/index.php\/wp-json\/wp\/v2\/categories?post=165"},{"taxonomy":"post_tag","embeddable":true,"href":"https:\/\/atletasdageral.com.br\/index.php\/wp-json\/wp\/v2\/tags?post=165"}],"curies":[{"name":"wp","href":"https:\/\/api.w.org\/{rel}","templated":true}]}}