{"id":146,"date":"2025-03-14T19:51:18","date_gmt":"2025-03-14T19:51:18","guid":{"rendered":"https:\/\/atletasdageral.com.br\/?p=146"},"modified":"2025-03-31T23:14:33","modified_gmt":"2025-03-31T23:14:33","slug":"percurso-maratona-internacional-de-sao-paulo-2025","status":"publish","type":"post","link":"https:\/\/atletasdageral.com.br\/index.php\/2025\/03\/14\/percurso-maratona-internacional-de-sao-paulo-2025\/","title":{"rendered":"PERCURSO MARATONA INTERNACIONAL DE S\u00c3O PAULO 2025"},"content":{"rendered":"\n<p>No dia 6 de abril de 2025 acontecer\u00e1 a MARATONA INTERNACIONAL DE S\u00c3O PAULO. <\/p>\n\n\n\n<p>O Eug\u00eanio Fonseca (maratonista), apresenta nesse v\u00eddeo o percurso dos 42km dessa prova. Bora para o v\u00eddeo, mas antes, j\u00e1 pe\u00e7o a sua inscri\u00e7\u00e3o no canal, deixe o seu like e coment\u00e1rio.<\/p>\n\n\n\n<figure class=\"wp-block-embed is-type-video is-provider-youtube wp-block-embed-youtube wp-embed-aspect-16-9 wp-has-aspect-ratio\"><div class=\"wp-block-embed__wrapper\">\n<iframe loading=\"lazy\" title=\"PERCURSO MARATONA INTERNACIONAL DE S\u00c3O PAULO 2025\" width=\"500\" height=\"281\" src=\"https:\/\/www.youtube.com\/embed\/MGmItRgNtEs?feature=oembed\" frameborder=\"0\" allow=\"accelerometer; autoplay; clipboard-write; encrypted-media; gyroscope; picture-in-picture; web-share\" referrerpolicy=\"strict-origin-when-cross-origin\" allowfullscreen><\/iframe>\n<\/div><\/figure>\n\n\n\n<p><\/p>\n","protected":false},"excerpt":{"rendered":"<p>No dia 6 de abril de 2025 acontecer\u00e1 a MARATONA INTERNACIONAL DE S\u00c3O PAULO. O Eug\u00eanio Fonseca (maratonista), apresenta nesse v\u00eddeo o percurso dos 42km dessa prova. Bora para o v\u00eddeo, mas antes, j\u00e1 pe\u00e7o a sua inscri\u00e7\u00e3o no canal, deixe o seu like e coment\u00e1rio.<\/p>\n","protected":false},"author":1,"featured_media":0,"comment_status":"open","ping_status":"open","sticky":false,"template":"","format":"standard","meta":{"footnotes":""},"categories":[10],"tags":[],"class_list":["post-146","post","type-post","status-publish","format-standard","hentry","category-maratona-de-sp-2025"],"_links":{"self":[{"href":"https:\/\/atletasdageral.com.br\/index.php\/wp-json\/wp\/v2\/posts\/146","targetHints":{"allow":["GET"]}}],"collection":[{"href":"https:\/\/atletasdageral.com.br\/index.php\/wp-json\/wp\/v2\/posts"}],"about":[{"href":"https:\/\/atletasdageral.com.br\/index.php\/wp-json\/wp\/v2\/types\/post"}],"author":[{"embeddable":true,"href":"https:\/\/atletasdageral.com.br\/index.php\/wp-json\/wp\/v2\/users\/1"}],"replies":[{"embeddable":true,"href":"https:\/\/atletasdageral.com.br\/index.php\/wp-json\/wp\/v2\/comments?post=146"}],"version-history":[{"count":1,"href":"https:\/\/atletasdageral.com.br\/index.php\/wp-json\/wp\/v2\/posts\/146\/revisions"}],"predecessor-version":[{"id":147,"href":"https:\/\/atletasdageral.com.br\/index.php\/wp-json\/wp\/v2\/posts\/146\/revisions\/147"}],"wp:attachment":[{"href":"https:\/\/atletasdageral.com.br\/index.php\/wp-json\/wp\/v2\/media?parent=146"}],"wp:term":[{"taxonomy":"category","embeddable":true,"href":"https:\/\/atletasdageral.com.br\/index.php\/wp-json\/wp\/v2\/categories?post=146"},{"taxonomy":"post_tag","embeddable":true,"href":"https:\/\/atletasdageral.com.br\/index.php\/wp-json\/wp\/v2\/tags?post=146"}],"curies":[{"name":"wp","href":"https:\/\/api.w.org\/{rel}","templated":true}]}}