{"id":125,"date":"2025-01-22T22:21:10","date_gmt":"2025-01-22T22:21:10","guid":{"rendered":"https:\/\/atletasdageral.com.br\/?p=125"},"modified":"2025-01-22T22:21:10","modified_gmt":"2025-01-22T22:21:10","slug":"onde-correr-em-bh-parque-municipal-americo-renne-giannetti-episodio-2","status":"publish","type":"post","link":"https:\/\/atletasdageral.com.br\/index.php\/2025\/01\/22\/onde-correr-em-bh-parque-municipal-americo-renne-giannetti-episodio-2\/","title":{"rendered":"ONDE CORRER EM BH &#8211; PARQUE MUNICIPAL AM\u00c9RICO RENN\u00c9 GIANNETTI &#8211; EPIS\u00d3DIO 2"},"content":{"rendered":"\n<figure class=\"wp-block-embed is-type-video is-provider-youtube wp-block-embed-youtube wp-embed-aspect-16-9 wp-has-aspect-ratio\"><div class=\"wp-block-embed__wrapper\">\n<iframe loading=\"lazy\" title=\"ONDE CORRER EM BH - PARQUE MUNICIPAL AM\u00c9RICO RENN\u00c9 GIANNETTI - EPIS\u00d3DIO 2\" width=\"500\" height=\"281\" src=\"https:\/\/www.youtube.com\/embed\/OssJsFJuBP8?feature=oembed\" frameborder=\"0\" allow=\"accelerometer; autoplay; clipboard-write; encrypted-media; gyroscope; picture-in-picture; web-share\" referrerpolicy=\"strict-origin-when-cross-origin\" allowfullscreen><\/iframe>\n<\/div><\/figure>\n\n\n\n<p>Fala, Atletas da Geral! J\u00e1 treinou hj? O ano de 2025 chegou e ao longo do m\u00eas de janeiro, vamos mostrar alguns locais para CORRER EM BH. Nesse epis\u00f3dio, o Eug\u00eanio Fonseca (Maratonista) ir\u00e1 mostrar um local no centro de BH que \u00e9 o PARQUE MUNICIPAL AM\u00c9RICO RENN\u00c9 GIANNETTI. Bora para o v\u00eddeo, mas antes, j\u00e1 pe\u00e7o a sua inscri\u00e7\u00e3o no canal, deixe o seu like e coment\u00e1rio. Bons treinos e at\u00e9 breve!<\/p>\n","protected":false},"excerpt":{"rendered":"<p>Fala, Atletas da Geral! J\u00e1 treinou hj? O ano de 2025 chegou e ao longo do m\u00eas de janeiro, vamos mostrar alguns locais para CORRER EM BH. Nesse epis\u00f3dio, o Eug\u00eanio Fonseca (Maratonista) ir\u00e1 mostrar um local no centro de BH que \u00e9 o PARQUE MUNICIPAL AM\u00c9RICO RENN\u00c9 GIANNETTI. Bora para o v\u00eddeo, mas antes, [&hellip;]<\/p>\n","protected":false},"author":1,"featured_media":0,"comment_status":"open","ping_status":"open","sticky":false,"template":"","format":"standard","meta":{"footnotes":""},"categories":[9],"tags":[],"class_list":["post-125","post","type-post","status-publish","format-standard","hentry","category-onde-correr-em-bh"],"_links":{"self":[{"href":"https:\/\/atletasdageral.com.br\/index.php\/wp-json\/wp\/v2\/posts\/125","targetHints":{"allow":["GET"]}}],"collection":[{"href":"https:\/\/atletasdageral.com.br\/index.php\/wp-json\/wp\/v2\/posts"}],"about":[{"href":"https:\/\/atletasdageral.com.br\/index.php\/wp-json\/wp\/v2\/types\/post"}],"author":[{"embeddable":true,"href":"https:\/\/atletasdageral.com.br\/index.php\/wp-json\/wp\/v2\/users\/1"}],"replies":[{"embeddable":true,"href":"https:\/\/atletasdageral.com.br\/index.php\/wp-json\/wp\/v2\/comments?post=125"}],"version-history":[{"count":1,"href":"https:\/\/atletasdageral.com.br\/index.php\/wp-json\/wp\/v2\/posts\/125\/revisions"}],"predecessor-version":[{"id":126,"href":"https:\/\/atletasdageral.com.br\/index.php\/wp-json\/wp\/v2\/posts\/125\/revisions\/126"}],"wp:attachment":[{"href":"https:\/\/atletasdageral.com.br\/index.php\/wp-json\/wp\/v2\/media?parent=125"}],"wp:term":[{"taxonomy":"category","embeddable":true,"href":"https:\/\/atletasdageral.com.br\/index.php\/wp-json\/wp\/v2\/categories?post=125"},{"taxonomy":"post_tag","embeddable":true,"href":"https:\/\/atletasdageral.com.br\/index.php\/wp-json\/wp\/v2\/tags?post=125"}],"curies":[{"name":"wp","href":"https:\/\/api.w.org\/{rel}","templated":true}]}}