{"id":122,"date":"2025-01-22T22:17:32","date_gmt":"2025-01-22T22:17:32","guid":{"rendered":"https:\/\/atletasdageral.com.br\/?p=122"},"modified":"2025-01-22T22:22:39","modified_gmt":"2025-01-22T22:22:39","slug":"corrida-em-bh-avenida-jose-candido-da-silveira-episodio-1","status":"publish","type":"post","link":"https:\/\/atletasdageral.com.br\/index.php\/2025\/01\/22\/corrida-em-bh-avenida-jose-candido-da-silveira-episodio-1\/","title":{"rendered":"ONDE CORRER EM BH &#8211; AVENIDA JOS\u00c9 C\u00c2NDIDO DA SILVEIRA &#8211; EPIS\u00d3DIO 1"},"content":{"rendered":"\n<figure class=\"wp-block-embed is-type-video is-provider-youtube wp-block-embed-youtube wp-embed-aspect-16-9 wp-has-aspect-ratio\"><div class=\"wp-block-embed__wrapper\">\n<iframe loading=\"lazy\" title=\"CORRIDA EM BH - AVENIDA JOS\u00c9 C\u00c2NDIDO DA SILVEIRA - EPIS\u00d3DIO 1\" width=\"500\" height=\"281\" src=\"https:\/\/www.youtube.com\/embed\/ryF22_my6iE?feature=oembed\" frameborder=\"0\" allow=\"accelerometer; autoplay; clipboard-write; encrypted-media; gyroscope; picture-in-picture; web-share\" referrerpolicy=\"strict-origin-when-cross-origin\" allowfullscreen><\/iframe>\n<\/div><\/figure>\n\n\n\n<p><\/p>\n\n\n\n<p><\/p>\n\n\n\n<p>Fala, Atletas da Geral! J\u00e1 treinou hj? O ano de 2025 chegou e ao longo do m\u00eas de janeiro, vamos mostrar alguns locais para CORRIDA EM BH. Nesse epis\u00f3dio, o V\u00edtor e o Eug\u00eanio ir\u00e3o mostrar os pontos positivos e negativos da pista de corrida na regi\u00e3o nordeste (avenida Jos\u00e9 C\u00e2ndido da Silveira). Bora para o v\u00eddeo, mas antes, j\u00e1 pe\u00e7o a sua inscri\u00e7\u00e3o no canal, deixe o seu like e coment\u00e1rio. Bons treinos e at\u00e9 breve!<\/p>\n","protected":false},"excerpt":{"rendered":"<p>Fala, Atletas da Geral! J\u00e1 treinou hj? O ano de 2025 chegou e ao longo do m\u00eas de janeiro, vamos mostrar alguns locais para CORRIDA EM BH. Nesse epis\u00f3dio, o V\u00edtor e o Eug\u00eanio ir\u00e3o mostrar os pontos positivos e negativos da pista de corrida na regi\u00e3o nordeste (avenida Jos\u00e9 C\u00e2ndido da Silveira). Bora para [&hellip;]<\/p>\n","protected":false},"author":1,"featured_media":0,"comment_status":"open","ping_status":"open","sticky":false,"template":"","format":"standard","meta":{"footnotes":""},"categories":[9],"tags":[],"class_list":["post-122","post","type-post","status-publish","format-standard","hentry","category-onde-correr-em-bh"],"_links":{"self":[{"href":"https:\/\/atletasdageral.com.br\/index.php\/wp-json\/wp\/v2\/posts\/122","targetHints":{"allow":["GET"]}}],"collection":[{"href":"https:\/\/atletasdageral.com.br\/index.php\/wp-json\/wp\/v2\/posts"}],"about":[{"href":"https:\/\/atletasdageral.com.br\/index.php\/wp-json\/wp\/v2\/types\/post"}],"author":[{"embeddable":true,"href":"https:\/\/atletasdageral.com.br\/index.php\/wp-json\/wp\/v2\/users\/1"}],"replies":[{"embeddable":true,"href":"https:\/\/atletasdageral.com.br\/index.php\/wp-json\/wp\/v2\/comments?post=122"}],"version-history":[{"count":2,"href":"https:\/\/atletasdageral.com.br\/index.php\/wp-json\/wp\/v2\/posts\/122\/revisions"}],"predecessor-version":[{"id":129,"href":"https:\/\/atletasdageral.com.br\/index.php\/wp-json\/wp\/v2\/posts\/122\/revisions\/129"}],"wp:attachment":[{"href":"https:\/\/atletasdageral.com.br\/index.php\/wp-json\/wp\/v2\/media?parent=122"}],"wp:term":[{"taxonomy":"category","embeddable":true,"href":"https:\/\/atletasdageral.com.br\/index.php\/wp-json\/wp\/v2\/categories?post=122"},{"taxonomy":"post_tag","embeddable":true,"href":"https:\/\/atletasdageral.com.br\/index.php\/wp-json\/wp\/v2\/tags?post=122"}],"curies":[{"name":"wp","href":"https:\/\/api.w.org\/{rel}","templated":true}]}}